{"id":138002,"date":"2025-04-25T12:15:31","date_gmt":"2025-04-25T10:15:31","guid":{"rendered":"https:\/\/www.muranoglassitaly.com\/the-venice-glassweek-and-the-venice-biennale\/"},"modified":"2025-06-08T11:12:30","modified_gmt":"2025-06-08T09:12:30","slug":"glaskunst-venedig-und-die-biennale-von-venedig","status":"publish","type":"post","link":"https:\/\/www.muranoglassitaly.com\/de\/glaskunst-venedig-und-die-biennale-von-venedig\/","title":{"rendered":"GLASKUNST VENEDIG UND DIE BIENNALE VON VENEDIG"},"content":{"rendered":"<div class=\"wpb-content-wrapper\">\n<h2 class=\"wp-block-heading\"><strong><strong><strong>Eine Hommage an Glaskunst und Innovation<\/strong><\/strong><\/strong><\/h2>\n\n\n<p>[vc_row][vc_column width=&#8220;1\/2&#8243;][vc_column_text]<\/p>\n<p style=\"text-align: justify; line-height: 2;\">Haben Sie sich jemals gefragt, wie Glas Licht, Tradition und Emotion in einem einzigen, mundgeblasenen Kunstwerk einfangen kann? In Venedig \u2013 und ganz besonders auf der Insel Murano \u2013 ist Glas weit mehr als nur Dekoration. Es ist ein lebendiger Ausdruck von Tradition und Innovation. Jedes Jahr wird die Stadt durch Veranstaltungen wie <strong>Glaskunst Venedig<\/strong> und die weltbekannte <strong>Architekturbiennale von Venedig<\/strong> zu einer leuchtenden Hommage an dieses Kunsthandwerk, bei der Murano-Glas selbstbewusst seinen Platz in der zeitgen\u00f6ssischen Kunst behauptet.<\/p>\n<p>[\/vc_column_text][\/vc_column][vc_column width=&#8220;1\/2&#8243;][vc_cta h2=&#8220;GRUNDLAGEN&#8220; shape=&#8220;square&#8220;]<\/p>\n<p>Entdecken Sie die neuesten Entwicklungen und die zeitlose Kunstfertigkeit der Welt des Murano-Glases.<\/p>\n<div id=\"ocg-chapters\"><a href=\"https:\/\/www.muranoglassitaly.com\/de\/echtes-murano-glas\/\"><strong>1. Was ist Murano Glas<\/strong><\/a><\/div>\n<div id=\"ocg-chapters\"><a href=\"https:\/\/www.muranoglassitaly.com\/de\/what-made-murano-glass-so-special\/\"><strong>2. What macht Murano-Glas so besonders?<\/strong><\/a><\/div>\n<div id=\"ocg-chapters\"><a href=\"https:\/\/www.muranoglassitaly.com\/de\/muranoglassitaly-nft-zertifikat\/\"><strong>3. Einzigartig: MuranoGlassItaly Authentizit\u00e4t NFT Zertifikat<\/strong><\/a><\/div>\n<p>[\/vc_cta][\/vc_column][\/vc_row]<\/p>\n\n\n\n<p>Von den lodernden \u00d6fen antiker Werkst\u00e4tten bis hin zu immersiven Installationen moderner K\u00fcnstler \u2013 diese Events bieten einen einzigartigen Blick auf die Entwicklung der Glaskunst. Sie zeigen, wie ein jahrhundertealtes Handwerk weiterhin \u00fcberrascht, inspiriert und sich immer wieder neu erfindet.<\/p>\n\n\n\n<p>Dieser Blog ist Ihr Wegweiser auf dieser Reise \u2013 durch die reiche Geschichte, die k\u00fcnstlerische Renaissance und zu den Orten, an denen Sie authentische Murano-Kreationen entdecken k\u00f6nnen, die die Seele dieser lebendigen Tradition widerspiegeln.<\/p>\n\n\n\n<figure class=\"wp-block-image size-full\"><img loading=\"lazy\" decoding=\"async\" width=\"1200\" height=\"675\" src=\"https:\/\/www.muranoglassitaly.com\/wp-content\/uploads\/2025\/04\/Glassweek-Pic1.webp\" alt=\"Glaskunst Venedig\" class=\"wp-image-137974\" srcset=\"https:\/\/www.muranoglassitaly.com\/wp-content\/uploads\/2025\/04\/Glassweek-Pic1.webp 1200w, https:\/\/www.muranoglassitaly.com\/wp-content\/uploads\/2025\/04\/Glassweek-Pic1-800x450.webp 800w, https:\/\/www.muranoglassitaly.com\/wp-content\/uploads\/2025\/04\/Glassweek-Pic1-200x113.webp 200w, https:\/\/www.muranoglassitaly.com\/wp-content\/uploads\/2025\/04\/Glassweek-Pic1-768x432.webp 768w, https:\/\/www.muranoglassitaly.com\/wp-content\/uploads\/2025\/04\/Glassweek-Pic1-455x256.webp 455w, https:\/\/www.muranoglassitaly.com\/wp-content\/uploads\/2025\/04\/Glassweek-Pic1-700x394.webp 700w, https:\/\/www.muranoglassitaly.com\/wp-content\/uploads\/2025\/04\/Glassweek-Pic1-1x1.webp 1w, https:\/\/www.muranoglassitaly.com\/wp-content\/uploads\/2025\/04\/Glassweek-Pic1-10x6.webp 10w\" sizes=\"auto, (max-width: 1200px) 100vw, 1200px\" \/><\/figure>\n\n\n\n<div style=\"height:15px\" aria-hidden=\"true\" class=\"wp-block-spacer\"><\/div>\n\n\n\n<h2 class=\"wp-block-heading\"><strong><strong>Glaskunst Venedig: Die lebendige B\u00fchne f\u00fcr Glas in Venedig<\/strong><\/strong><\/h2>\n\n\n\n<p><strong>Merken Sie sich den Zeitraum vom 13. bis 21. <\/strong><strong>September 2025<\/strong> vor, wenn <strong>Glaskunst Venedig<\/strong> erneut Venedig, Murano und Mestre in ein funkelndes Fest der Glaskunst verwandelt. Neun Tage lang wird die Stadt zur B\u00fchne f\u00fcr \u00fcber hundert Veranstaltungen \u2013 von Live-Vorf\u00fchrungen des Glasblasens in historischen Werkst\u00e4tten bis hin zu avantgardistischen Ausstellungen in Palazzi und Galerien.<\/p>\n\n\n\n<p>Freuen Sie sich auf ein au\u00dfergew\u00f6hnliches Spektrum an Werken: <strong>leuchtende <\/strong><a href=\"https:\/\/www.muranoglassitaly.com\/de\/produkt-kategorie\/murano-glas-skulpturen\/moderne-kunst-skulpturen\/\"><strong>Skulpturen<\/strong><\/a>, die der Schwerkraft zu trotzen scheinen, <a href=\"https:\/\/www.muranoglassitaly.com\/de\/produkt-kategorie\/murano-glas-skulpturen\/murano-glas-abstrakte-skulpturen\/\"><strong>abstrakte<\/strong><\/a><strong> Installationen<\/strong>, die Form und Transparenz erforschen, sowie <a href=\"https:\/\/www.muranoglassitaly.com\/de\/produkt-kategorie\/murano-kronleuchter\/murano-glas-lampen\/\"><strong>Kronleuchter<\/strong><\/a>, die traditionelle Handwerkskunst mit mutigem zeitgen\u00f6ssischem Design vereinen. Diese Werke erscheinen an unerwarteten Orten \u2013 von prachtvollen Palazzi bis zu modernen Ausstellungsr\u00e4umen \u2013 und laden dazu ein, Glas auf v\u00f6llig neue Weise zu erleben.<\/p>\n\n\n\n<p>Besucher k\u00f6nnen offene Ateliers erkunden, an F\u00fchrungen teilnehmen, K\u00fcnstlergespr\u00e4che und Vortr\u00e4ge besuchen oder sich von glasinspirierten Performances verzaubern lassen. Das Highlight: die Begegnung mit den <strong>Maestri Vetrai<\/strong> \u2013 den legend\u00e4ren Glasmachern Muranos \u2013 und die M\u00f6glichkeit, live mitzuerleben, wie gl\u00fchender Sand in leuchtende Kunstwerke verwandelt wird.<\/p>\n\n\n\n<p>Ob Sammler, Designer oder einfach neugierig \u2013 <strong>Glaskunst Venedig<\/strong> bietet ein unvergessliches Erlebnis: ein Eintauchen in die Kreativit\u00e4t, Innovation und das Erbe, das Murano-Glas weltber\u00fchmt gemacht hat.<\/p>\n\n\n\n<figure class=\"wp-block-image size-full\"><img loading=\"lazy\" decoding=\"async\" width=\"1200\" height=\"675\" src=\"https:\/\/www.muranoglassitaly.com\/wp-content\/uploads\/2025\/04\/Glassweek-Pic2.webp\" alt=\"Glaskunst Venedig\" class=\"wp-image-137981\" srcset=\"https:\/\/www.muranoglassitaly.com\/wp-content\/uploads\/2025\/04\/Glassweek-Pic2.webp 1200w, https:\/\/www.muranoglassitaly.com\/wp-content\/uploads\/2025\/04\/Glassweek-Pic2-800x450.webp 800w, https:\/\/www.muranoglassitaly.com\/wp-content\/uploads\/2025\/04\/Glassweek-Pic2-200x113.webp 200w, https:\/\/www.muranoglassitaly.com\/wp-content\/uploads\/2025\/04\/Glassweek-Pic2-768x432.webp 768w, https:\/\/www.muranoglassitaly.com\/wp-content\/uploads\/2025\/04\/Glassweek-Pic2-455x256.webp 455w, https:\/\/www.muranoglassitaly.com\/wp-content\/uploads\/2025\/04\/Glassweek-Pic2-700x394.webp 700w, https:\/\/www.muranoglassitaly.com\/wp-content\/uploads\/2025\/04\/Glassweek-Pic2-1x1.webp 1w, https:\/\/www.muranoglassitaly.com\/wp-content\/uploads\/2025\/04\/Glassweek-Pic2-10x6.webp 10w\" sizes=\"auto, (max-width: 1200px) 100vw, 1200px\" \/><\/figure>\n\n\n\n<div style=\"height:15px\" aria-hidden=\"true\" class=\"wp-block-spacer\"><\/div>\n\n\n\n<h2 class=\"wp-block-heading\"><strong><strong>Murano-Glas und die Biennale: Ein moderner Dialog<\/strong><\/strong><\/h2>\n\n\n\n<p>W\u00e4hrend <strong>Glaskunst Venedig<\/strong> das Herz des Glashandwerks feiert \u2013 seine Tradition, seine Handwerkskunst und seine Innovationskraft \u2013 bringt die <strong>Biennale von Venedig<\/strong> Murano-Glas auf die globale B\u00fchne der zeitgen\u00f6ssischen Kunst. In den letzten Jahren hat sich moderne Glaskunst als kraftvolle Stimme innerhalb der Biennale etabliert, insbesondere durch die Parallel-Ausstellung <strong>Glasstress<\/strong>, bei der internationale K\u00fcnstler mit den Glasmeistern Muranos zusammenarbeiten.<\/p>\n\n\n\n<p>Vom <strong>10. Mai bis 23. November 2025<\/strong> findet die 19. Internationale Architekturausstellung unter der Leitung von <strong>Carlo Ratti<\/strong> statt. Das Thema: <em>\u201eIntelligens: Nat\u00fcrlich. K\u00fcnstlich. Kollektiv.\u201c<\/em> \u2013 ein spannender Kontext f\u00fcr Glas als Werkstoff, der Natur, Design und Innovation miteinander verbindet.<\/p>\n\n\n\n<p>K\u00fcnstler wie <strong>Ai Weiwei<\/strong>, <strong>Tony Cragg<\/strong> und <strong>Laure Prouvost<\/strong> haben Murano-Glas genutzt, um provokante und moderne Werke zu erschaffen, die Erwartungen sprengen. Kollaborationen mit historischen Ateliers wie <strong>Venini<\/strong>, <strong>Toso<\/strong>, <strong>Rosin<\/strong> und der legend\u00e4ren <strong>Tagliapietra<\/strong> vereinen jahrhundertealtes K\u00f6nnen mit vision\u00e4rer Kunst und beweisen: Glas ist nicht blo\u00df ein dekoratives Element \u2013 es ist ein Medium f\u00fcr Geschichten, Emotionen und gesellschaftliche Reflexion.<\/p>\n\n\n\n<p>F\u00fcr Murano bedeutet diese wachsende Pr\u00e4senz auf der Biennale eine Best\u00e4tigung dessen, was die Einheimischen schon lange wissen: Glas kann genauso ausdrucksstark und transformativ sein wie jede andere Kunstform \u2013 es spiegelt nicht nur Sch\u00f6nheit, sondern auch Ideen, Identit\u00e4t und Vision wider.<\/p>\n\n\n\n<figure class=\"wp-block-image size-full\"><img loading=\"lazy\" decoding=\"async\" width=\"1200\" height=\"675\" src=\"https:\/\/www.muranoglassitaly.com\/wp-content\/uploads\/2025\/04\/Glassweek-Pic3.webp\" alt=\"Glaskunst Venedig\" class=\"wp-image-137988\" srcset=\"https:\/\/www.muranoglassitaly.com\/wp-content\/uploads\/2025\/04\/Glassweek-Pic3.webp 1200w, https:\/\/www.muranoglassitaly.com\/wp-content\/uploads\/2025\/04\/Glassweek-Pic3-800x450.webp 800w, https:\/\/www.muranoglassitaly.com\/wp-content\/uploads\/2025\/04\/Glassweek-Pic3-200x113.webp 200w, https:\/\/www.muranoglassitaly.com\/wp-content\/uploads\/2025\/04\/Glassweek-Pic3-768x432.webp 768w, https:\/\/www.muranoglassitaly.com\/wp-content\/uploads\/2025\/04\/Glassweek-Pic3-455x256.webp 455w, https:\/\/www.muranoglassitaly.com\/wp-content\/uploads\/2025\/04\/Glassweek-Pic3-700x394.webp 700w, https:\/\/www.muranoglassitaly.com\/wp-content\/uploads\/2025\/04\/Glassweek-Pic3-1x1.webp 1w, https:\/\/www.muranoglassitaly.com\/wp-content\/uploads\/2025\/04\/Glassweek-Pic3-10x6.webp 10w\" sizes=\"auto, (max-width: 1200px) 100vw, 1200px\" \/><\/figure>\n\n\n\n<div style=\"height:15px\" aria-hidden=\"true\" class=\"wp-block-spacer\"><\/div>\n\n\n\n<h2 class=\"wp-block-heading\"><strong><strong>Bringen Sie das Erbe mit nach Hause \u2013 Entdecken Sie MuranoGlassItaly<\/strong><\/strong><\/h2>\n\n\n\n<p>Nach der glanzvollen Welt von <strong>Glaskunst Venedig<\/strong> und den eindrucksvollen Auftritten auf der Biennale bleibt oft eine Frage: <strong>Wie kann ich ein St\u00fcck dieser Magie mit nach Hause nehmen?<\/strong><\/p>\n\n\n\n<p>Genau daf\u00fcr sind wir da.<\/p>\n\n\n\n<p>Bei <a href=\"http:\/\/www.muranoglassitaly.com\/de\"><strong>MuranoGlassItaly<\/strong><\/a> kuratieren wir eine Kollektion, die den Geist Muranos einf\u00e4ngt \u2013 eine harmonische Verbindung von Tradition, Innovation und Seele. Von zeitlosen Vasen und eleganten Kronleuchtern bis zu gewagten, modernen Designs: Jedes St\u00fcck wird im Herzen Venedigs handgefertigt, ist zertifiziert und mit gro\u00dfer Leidenschaft f\u00fcr das Kunsthandwerk ausgew\u00e4hlt.<\/p>\n\n\n\n<p>Ob als stilvolles Statement in Ihrem Zuhause, als bedeutungsvolles Geschenk oder als Beginn einer eigenen Sammlung \u2013 unsere Werke laden Sie ein, Teil eines jahrhundertealten Erbes zu werden.<\/p>\n\n\n\n<h3 class=\"wp-block-heading\"><strong>In Venedig unterwegs zur Glaskunst Venedig oder zur Biennale?<\/strong><\/h3>\n\n\n\n<p>Besuchen Sie uns vor Ort auf der <a href=\"https:\/\/www.google.com\/maps\/place\/Murano+Glass+Italy+-+Factory+Store\/@45.4381692,12.3132381,15z\/data=!4m7!3m6!1s0x477eb18ada95f989:0xb5a20905f4536846!8m2!3d45.4370785!4d12.3215321!15sCiBtdXJhbm8gZ2xhc3MgSXRhbHkgZmFjdG9yeSBzdG9yZZIBC2FydF9nYWxsZXJ54AEA!16s%2Fg%2F11wncwdxf8?entry=tts&amp;g_ep=EgoyMDI0MTEyNC4xIPu8ASoASAFQAw%3D%3D\"><strong>Fondamenta Minotto 161<\/strong><\/a> \u2013 nur wenige Minuten vom Stadtzentrum entfernt \u2013 und betreten Sie einen Raum, in dem Glas lebendig wird. Hier erleben Sie <strong>exklusive,<\/strong> <strong>handgefertigte Unikate<\/strong> hautnah und entdecken <strong>besondere Angebote<\/strong>, die es nur f\u00fcr unsere Besucher gibt.<\/p>\n\n\n\n<h3 class=\"wp-block-heading\"><strong>Von zu Hause aus shoppen?<\/strong><\/h3>\n\n\n\n<p>Entdecken Sie unsere komplette Kollektion online auf <a href=\"http:\/\/www.muranoglassitaly.com\/de\"><strong>MuranoGlassItaly<\/strong><\/a> und lassen Sie die Geschichte Muranos in Ihrem Zuhause weiterleben \u2013 egal, wo Sie sind. <strong>Wir liefern weltweit, versichert und sicher verpackt<\/strong> \u2013 jedes St\u00fcck kommt so strahlend bei Ihnen an, wie es Venedig verlassen hat.<br>Ob feine <a href=\"https:\/\/www.muranoglassitaly.com\/de\/produkt-kategorie\/murano-glas-skulpturen\/moderne-kunst-skulpturen\/\">Skulpturen<\/a> oder klassische <a href=\"https:\/\/www.muranoglassitaly.com\/de\/produkt-kategorie\/murano-kronleuchter\/kristall-kronleuchter\/\">Kronleuchter<\/a> \u2013 genie\u00dfen Sie die Sch\u00f6nheit und Handwerkskunst von Murano bequem bei sich daheim.<\/p>\n\n\n<p>[vc_row][vc_column][vc_cta h2=&#8220;&#8220; h4=&#8220;Besuchen Sie unsere Website <b>MuranoGlassItaly.com<\/b> und entdecken Sie eine gro\u00dfe Auswahl handgefertigter Unikate!&#8220; txt_align=&#8220;center&#8220; color=&#8220;orange&#8220; add_button=&#8220;bottom&#8220; btn_title=&#8220;Jetzt shoppen!&#8220; btn_color=&#8220;success&#8220; btn_align=&#8220;center&#8220; btn_link=&#8220;url:https%3A%2F%2Fwww.muranoglassitaly.com%2Fde&#8220;]Alle unsere Kunstwerke sind zu 100 % handgefertigt in Murano, Italien \u2013 und werden stets mit einem Echtheitszertifikat geliefert. Wir versenden Ihr Kunstwerk sicher bis zu Ihrer Haust\u00fcr.[\/vc_cta][\/vc_column][\/vc_row]<\/p>\n\n\n\n<p><\/p>\n\n\n\n<p><\/p>\n<\/div>","protected":false},"excerpt":{"rendered":"<p>Eine Hommage an Glaskunst und Innovation Von den lodernden \u00d6fen antiker Werkst\u00e4tten bis hin zu&#8230;<\/p>\n","protected":false},"author":1220,"featured_media":137978,"comment_status":"closed","ping_status":"closed","sticky":false,"template":"","format":"standard","meta":{"_acf_changed":false,"footnotes":""},"categories":[1109,1710],"tags":[],"class_list":["post-138002","post","type-post","status-publish","format-standard","has-post-thumbnail","hentry","category-besuch-in-murano","category-venedig-besichtigen"],"acf":[],"yoast_head":"<!-- This site is optimized with the Yoast SEO plugin v26.7 - https:\/\/yoast.com\/wordpress\/plugins\/seo\/ -->\n<title>Glaskunst Venedig: Guide zu Biennale &amp; Glas-Events<\/title>\n<meta name=\"description\" content=\"Entdecken Sie die Glaskunst Venedig &amp; Biennale 2025. Erleben Sie Murano-Events und shoppen Sie authentische St\u00fccke mit unserem Guide.\" \/>\n<meta name=\"robots\" content=\"index, follow, max-snippet:-1, max-image-preview:large, max-video-preview:-1\" \/>\n<link rel=\"canonical\" href=\"https:\/\/www.muranoglassitaly.com\/de\/glaskunst-venedig-und-die-biennale-von-venedig\/\" \/>\n<meta property=\"og:locale\" content=\"de_DE\" \/>\n<meta property=\"og:type\" content=\"article\" \/>\n<meta property=\"og:title\" content=\"Glaskunst Venedig: Guide zu Biennale &amp; Glas-Events\" \/>\n<meta property=\"og:description\" content=\"Entdecken Sie die Glaskunst Venedig &amp; Biennale 2025. Erleben Sie Murano-Events und shoppen Sie authentische St\u00fccke mit unserem Guide.\" \/>\n<meta property=\"og:url\" content=\"https:\/\/www.muranoglassitaly.com\/de\/glaskunst-venedig-und-die-biennale-von-venedig\/\" \/>\n<meta property=\"og:site_name\" content=\"Murano Glass Italy\" \/>\n<meta property=\"article:publisher\" content=\"http:\/\/www.facebook.com\/muranoglassitaly\/\" \/>\n<meta property=\"article:published_time\" content=\"2025-04-25T10:15:31+00:00\" \/>\n<meta property=\"article:modified_time\" content=\"2025-06-08T09:12:30+00:00\" \/>\n<meta property=\"og:image\" content=\"https:\/\/www.muranoglassitaly.com\/wp-content\/uploads\/2025\/04\/Glassweek-Pic1.webp\" \/>\n\t<meta property=\"og:image:width\" content=\"1200\" \/>\n\t<meta property=\"og:image:height\" content=\"675\" \/>\n\t<meta property=\"og:image:type\" content=\"image\/jpeg\" \/>\n<meta name=\"author\" content=\"I. Tagliapietra\" \/>\n<meta name=\"twitter:label1\" content=\"Verfasst von\" \/>\n\t<meta name=\"twitter:data1\" content=\"I. Tagliapietra\" \/>\n\t<meta name=\"twitter:label2\" content=\"Gesch\u00e4tzte Lesezeit\" \/>\n\t<meta name=\"twitter:data2\" content=\"5\u00a0Minuten\" \/>\n<script type=\"application\/ld+json\" class=\"yoast-schema-graph\">{\"@context\":\"https:\/\/schema.org\",\"@graph\":[{\"@type\":\"Article\",\"@id\":\"https:\/\/www.muranoglassitaly.com\/de\/glaskunst-venedig-und-die-biennale-von-venedig\/#article\",\"isPartOf\":{\"@id\":\"https:\/\/www.muranoglassitaly.com\/de\/glaskunst-venedig-und-die-biennale-von-venedig\/\"},\"author\":{\"name\":\"I. Tagliapietra\",\"@id\":\"https:\/\/www.muranoglassitaly.com\/de\/#\/schema\/person\/3955a638a121f6604c88d16dac2a8aac\"},\"headline\":\"GLASKUNST VENEDIG UND DIE BIENNALE VON VENEDIG\",\"datePublished\":\"2025-04-25T10:15:31+00:00\",\"dateModified\":\"2025-06-08T09:12:30+00:00\",\"mainEntityOfPage\":{\"@id\":\"https:\/\/www.muranoglassitaly.com\/de\/glaskunst-venedig-und-die-biennale-von-venedig\/\"},\"wordCount\":978,\"publisher\":{\"@id\":\"https:\/\/www.muranoglassitaly.com\/de\/#organization\"},\"image\":{\"@id\":\"https:\/\/www.muranoglassitaly.com\/de\/glaskunst-venedig-und-die-biennale-von-venedig\/#primaryimage\"},\"thumbnailUrl\":\"https:\/\/www.muranoglassitaly.com\/wp-content\/uploads\/2025\/04\/Glassweek-Pic1.webp\",\"articleSection\":[\"Besuch in Murano\",\"Venedig Besichtigen\"],\"inLanguage\":\"de\"},{\"@type\":\"WebPage\",\"@id\":\"https:\/\/www.muranoglassitaly.com\/de\/glaskunst-venedig-und-die-biennale-von-venedig\/\",\"url\":\"https:\/\/www.muranoglassitaly.com\/de\/glaskunst-venedig-und-die-biennale-von-venedig\/\",\"name\":\"Glaskunst Venedig: Guide zu Biennale & Glas-Events\",\"isPartOf\":{\"@id\":\"https:\/\/www.muranoglassitaly.com\/de\/#website\"},\"primaryImageOfPage\":{\"@id\":\"https:\/\/www.muranoglassitaly.com\/de\/glaskunst-venedig-und-die-biennale-von-venedig\/#primaryimage\"},\"image\":{\"@id\":\"https:\/\/www.muranoglassitaly.com\/de\/glaskunst-venedig-und-die-biennale-von-venedig\/#primaryimage\"},\"thumbnailUrl\":\"https:\/\/www.muranoglassitaly.com\/wp-content\/uploads\/2025\/04\/Glassweek-Pic1.webp\",\"datePublished\":\"2025-04-25T10:15:31+00:00\",\"dateModified\":\"2025-06-08T09:12:30+00:00\",\"description\":\"Entdecken Sie die Glaskunst Venedig & Biennale 2025. Erleben Sie Murano-Events und shoppen Sie authentische St\u00fccke mit unserem Guide.\",\"breadcrumb\":{\"@id\":\"https:\/\/www.muranoglassitaly.com\/de\/glaskunst-venedig-und-die-biennale-von-venedig\/#breadcrumb\"},\"inLanguage\":\"de\",\"potentialAction\":[{\"@type\":\"ReadAction\",\"target\":[\"https:\/\/www.muranoglassitaly.com\/de\/glaskunst-venedig-und-die-biennale-von-venedig\/\"]}]},{\"@type\":\"ImageObject\",\"inLanguage\":\"de\",\"@id\":\"https:\/\/www.muranoglassitaly.com\/de\/glaskunst-venedig-und-die-biennale-von-venedig\/#primaryimage\",\"url\":\"https:\/\/www.muranoglassitaly.com\/wp-content\/uploads\/2025\/04\/Glassweek-Pic1.webp\",\"contentUrl\":\"https:\/\/www.muranoglassitaly.com\/wp-content\/uploads\/2025\/04\/Glassweek-Pic1.webp\",\"width\":1200,\"height\":675,\"caption\":\"Glassweek\"},{\"@type\":\"BreadcrumbList\",\"@id\":\"https:\/\/www.muranoglassitaly.com\/de\/glaskunst-venedig-und-die-biennale-von-venedig\/#breadcrumb\",\"itemListElement\":[{\"@type\":\"ListItem\",\"position\":1,\"name\":\"Startseite\",\"item\":\"https:\/\/www.muranoglassitaly.com\/de\/\"},{\"@type\":\"ListItem\",\"position\":2,\"name\":\"GLASKUNST VENEDIG UND DIE BIENNALE VON VENEDIG\"}]},{\"@type\":\"WebSite\",\"@id\":\"https:\/\/www.muranoglassitaly.com\/de\/#website\",\"url\":\"https:\/\/www.muranoglassitaly.com\/de\/\",\"name\":\"Murano Glass Italy\",\"description\":\"Authentic Murano Glass Art by MuranoGlassItaly\u00ae - Official Store\",\"publisher\":{\"@id\":\"https:\/\/www.muranoglassitaly.com\/de\/#organization\"},\"potentialAction\":[{\"@type\":\"SearchAction\",\"target\":{\"@type\":\"EntryPoint\",\"urlTemplate\":\"https:\/\/www.muranoglassitaly.com\/de\/?s={search_term_string}\"},\"query-input\":{\"@type\":\"PropertyValueSpecification\",\"valueRequired\":true,\"valueName\":\"search_term_string\"}}],\"inLanguage\":\"de\"},{\"@type\":\"Organization\",\"@id\":\"https:\/\/www.muranoglassitaly.com\/de\/#organization\",\"name\":\"MuranoGlassItaly\",\"url\":\"https:\/\/www.muranoglassitaly.com\/de\/\",\"logo\":{\"@type\":\"ImageObject\",\"inLanguage\":\"de\",\"@id\":\"https:\/\/www.muranoglassitaly.com\/de\/#\/schema\/logo\/image\/\",\"url\":\"https:\/\/www.muranoglassitaly.com\/wp-content\/uploads\/2017\/01\/LOGO_V16.png\",\"contentUrl\":\"https:\/\/www.muranoglassitaly.com\/wp-content\/uploads\/2017\/01\/LOGO_V16.png\",\"width\":350,\"height\":100,\"caption\":\"MuranoGlassItaly\"},\"image\":{\"@id\":\"https:\/\/www.muranoglassitaly.com\/de\/#\/schema\/logo\/image\/\"},\"sameAs\":[\"http:\/\/www.facebook.com\/muranoglassitaly\/\",\"http:\/\/www.youtube.com\/user\/artweshop\/\"]},{\"@type\":\"Person\",\"@id\":\"https:\/\/www.muranoglassitaly.com\/de\/#\/schema\/person\/3955a638a121f6604c88d16dac2a8aac\",\"name\":\"I. Tagliapietra\"}]}<\/script>\n<!-- \/ Yoast SEO plugin. -->","yoast_head_json":{"title":"Glaskunst Venedig: Guide zu Biennale & Glas-Events","description":"Entdecken Sie die Glaskunst Venedig & Biennale 2025. Erleben Sie Murano-Events und shoppen Sie authentische St\u00fccke mit unserem Guide.","robots":{"index":"index","follow":"follow","max-snippet":"max-snippet:-1","max-image-preview":"max-image-preview:large","max-video-preview":"max-video-preview:-1"},"canonical":"https:\/\/www.muranoglassitaly.com\/de\/glaskunst-venedig-und-die-biennale-von-venedig\/","og_locale":"de_DE","og_type":"article","og_title":"Glaskunst Venedig: Guide zu Biennale & Glas-Events","og_description":"Entdecken Sie die Glaskunst Venedig & Biennale 2025. Erleben Sie Murano-Events und shoppen Sie authentische St\u00fccke mit unserem Guide.","og_url":"https:\/\/www.muranoglassitaly.com\/de\/glaskunst-venedig-und-die-biennale-von-venedig\/","og_site_name":"Murano Glass Italy","article_publisher":"http:\/\/www.facebook.com\/muranoglassitaly\/","article_published_time":"2025-04-25T10:15:31+00:00","article_modified_time":"2025-06-08T09:12:30+00:00","og_image":[{"width":1200,"height":675,"url":"https:\/\/www.muranoglassitaly.com\/wp-content\/uploads\/2025\/04\/Glassweek-Pic1.webp","type":"image\/jpeg"}],"author":"I. Tagliapietra","twitter_misc":{"Verfasst von":"I. Tagliapietra","Gesch\u00e4tzte Lesezeit":"5\u00a0Minuten"},"schema":{"@context":"https:\/\/schema.org","@graph":[{"@type":"Article","@id":"https:\/\/www.muranoglassitaly.com\/de\/glaskunst-venedig-und-die-biennale-von-venedig\/#article","isPartOf":{"@id":"https:\/\/www.muranoglassitaly.com\/de\/glaskunst-venedig-und-die-biennale-von-venedig\/"},"author":{"name":"I. Tagliapietra","@id":"https:\/\/www.muranoglassitaly.com\/de\/#\/schema\/person\/3955a638a121f6604c88d16dac2a8aac"},"headline":"GLASKUNST VENEDIG UND DIE BIENNALE VON VENEDIG","datePublished":"2025-04-25T10:15:31+00:00","dateModified":"2025-06-08T09:12:30+00:00","mainEntityOfPage":{"@id":"https:\/\/www.muranoglassitaly.com\/de\/glaskunst-venedig-und-die-biennale-von-venedig\/"},"wordCount":978,"publisher":{"@id":"https:\/\/www.muranoglassitaly.com\/de\/#organization"},"image":{"@id":"https:\/\/www.muranoglassitaly.com\/de\/glaskunst-venedig-und-die-biennale-von-venedig\/#primaryimage"},"thumbnailUrl":"https:\/\/www.muranoglassitaly.com\/wp-content\/uploads\/2025\/04\/Glassweek-Pic1.webp","articleSection":["Besuch in Murano","Venedig Besichtigen"],"inLanguage":"de"},{"@type":"WebPage","@id":"https:\/\/www.muranoglassitaly.com\/de\/glaskunst-venedig-und-die-biennale-von-venedig\/","url":"https:\/\/www.muranoglassitaly.com\/de\/glaskunst-venedig-und-die-biennale-von-venedig\/","name":"Glaskunst Venedig: Guide zu Biennale & Glas-Events","isPartOf":{"@id":"https:\/\/www.muranoglassitaly.com\/de\/#website"},"primaryImageOfPage":{"@id":"https:\/\/www.muranoglassitaly.com\/de\/glaskunst-venedig-und-die-biennale-von-venedig\/#primaryimage"},"image":{"@id":"https:\/\/www.muranoglassitaly.com\/de\/glaskunst-venedig-und-die-biennale-von-venedig\/#primaryimage"},"thumbnailUrl":"https:\/\/www.muranoglassitaly.com\/wp-content\/uploads\/2025\/04\/Glassweek-Pic1.webp","datePublished":"2025-04-25T10:15:31+00:00","dateModified":"2025-06-08T09:12:30+00:00","description":"Entdecken Sie die Glaskunst Venedig & Biennale 2025. Erleben Sie Murano-Events und shoppen Sie authentische St\u00fccke mit unserem Guide.","breadcrumb":{"@id":"https:\/\/www.muranoglassitaly.com\/de\/glaskunst-venedig-und-die-biennale-von-venedig\/#breadcrumb"},"inLanguage":"de","potentialAction":[{"@type":"ReadAction","target":["https:\/\/www.muranoglassitaly.com\/de\/glaskunst-venedig-und-die-biennale-von-venedig\/"]}]},{"@type":"ImageObject","inLanguage":"de","@id":"https:\/\/www.muranoglassitaly.com\/de\/glaskunst-venedig-und-die-biennale-von-venedig\/#primaryimage","url":"https:\/\/www.muranoglassitaly.com\/wp-content\/uploads\/2025\/04\/Glassweek-Pic1.webp","contentUrl":"https:\/\/www.muranoglassitaly.com\/wp-content\/uploads\/2025\/04\/Glassweek-Pic1.webp","width":1200,"height":675,"caption":"Glassweek"},{"@type":"BreadcrumbList","@id":"https:\/\/www.muranoglassitaly.com\/de\/glaskunst-venedig-und-die-biennale-von-venedig\/#breadcrumb","itemListElement":[{"@type":"ListItem","position":1,"name":"Startseite","item":"https:\/\/www.muranoglassitaly.com\/de\/"},{"@type":"ListItem","position":2,"name":"GLASKUNST VENEDIG UND DIE BIENNALE VON VENEDIG"}]},{"@type":"WebSite","@id":"https:\/\/www.muranoglassitaly.com\/de\/#website","url":"https:\/\/www.muranoglassitaly.com\/de\/","name":"Murano Glass Italy","description":"Authentic Murano Glass Art by MuranoGlassItaly\u00ae - Official Store","publisher":{"@id":"https:\/\/www.muranoglassitaly.com\/de\/#organization"},"potentialAction":[{"@type":"SearchAction","target":{"@type":"EntryPoint","urlTemplate":"https:\/\/www.muranoglassitaly.com\/de\/?s={search_term_string}"},"query-input":{"@type":"PropertyValueSpecification","valueRequired":true,"valueName":"search_term_string"}}],"inLanguage":"de"},{"@type":"Organization","@id":"https:\/\/www.muranoglassitaly.com\/de\/#organization","name":"MuranoGlassItaly","url":"https:\/\/www.muranoglassitaly.com\/de\/","logo":{"@type":"ImageObject","inLanguage":"de","@id":"https:\/\/www.muranoglassitaly.com\/de\/#\/schema\/logo\/image\/","url":"https:\/\/www.muranoglassitaly.com\/wp-content\/uploads\/2017\/01\/LOGO_V16.png","contentUrl":"https:\/\/www.muranoglassitaly.com\/wp-content\/uploads\/2017\/01\/LOGO_V16.png","width":350,"height":100,"caption":"MuranoGlassItaly"},"image":{"@id":"https:\/\/www.muranoglassitaly.com\/de\/#\/schema\/logo\/image\/"},"sameAs":["http:\/\/www.facebook.com\/muranoglassitaly\/","http:\/\/www.youtube.com\/user\/artweshop\/"]},{"@type":"Person","@id":"https:\/\/www.muranoglassitaly.com\/de\/#\/schema\/person\/3955a638a121f6604c88d16dac2a8aac","name":"I. Tagliapietra"}]}},"_links":{"self":[{"href":"https:\/\/www.muranoglassitaly.com\/de\/wp-json\/wp\/v2\/posts\/138002","targetHints":{"allow":["GET"]}}],"collection":[{"href":"https:\/\/www.muranoglassitaly.com\/de\/wp-json\/wp\/v2\/posts"}],"about":[{"href":"https:\/\/www.muranoglassitaly.com\/de\/wp-json\/wp\/v2\/types\/post"}],"author":[{"embeddable":true,"href":"https:\/\/www.muranoglassitaly.com\/de\/wp-json\/wp\/v2\/users\/1220"}],"replies":[{"embeddable":true,"href":"https:\/\/www.muranoglassitaly.com\/de\/wp-json\/wp\/v2\/comments?post=138002"}],"version-history":[{"count":3,"href":"https:\/\/www.muranoglassitaly.com\/de\/wp-json\/wp\/v2\/posts\/138002\/revisions"}],"predecessor-version":[{"id":142224,"href":"https:\/\/www.muranoglassitaly.com\/de\/wp-json\/wp\/v2\/posts\/138002\/revisions\/142224"}],"wp:featuredmedia":[{"embeddable":true,"href":"https:\/\/www.muranoglassitaly.com\/de\/wp-json\/wp\/v2\/media\/137978"}],"wp:attachment":[{"href":"https:\/\/www.muranoglassitaly.com\/de\/wp-json\/wp\/v2\/media?parent=138002"}],"wp:term":[{"taxonomy":"category","embeddable":true,"href":"https:\/\/www.muranoglassitaly.com\/de\/wp-json\/wp\/v2\/categories?post=138002"},{"taxonomy":"post_tag","embeddable":true,"href":"https:\/\/www.muranoglassitaly.com\/de\/wp-json\/wp\/v2\/tags?post=138002"}],"curies":[{"name":"wp","href":"https:\/\/api.w.org\/{rel}","templated":true}]}}